{"id":722,"date":"2020-12-07T15:32:45","date_gmt":"2020-12-07T14:32:45","guid":{"rendered":"http:\/\/un-nouveau-monde.fr\/?p=722"},"modified":"2020-12-07T15:37:40","modified_gmt":"2020-12-07T14:37:40","slug":"inscription-sejour-montagne-2021","status":"publish","type":"post","link":"http:\/\/un-nouveau-monde.fr\/?p=722","title":{"rendered":"INSCRIPTION &#8211; S\u00e9jour Montagne 2021"},"content":{"rendered":"<div class=\"kvgmc6g5 cxmmr5t8 oygrvhab hcukyx3x c1et5uql ii04i59q\">\n<div dir=\"auto\"><img decoding=\"async\" loading=\"lazy\" class=\"aligncenter size-full wp-image-723\" src=\"http:\/\/un-nouveau-monde.fr\/wp-content\/uploads\/2020\/12\/affiche-sejour-montagne-2021.jpg\" alt=\"\" width=\"1240\" height=\"1754\" srcset=\"http:\/\/un-nouveau-monde.fr\/wp-content\/uploads\/2020\/12\/affiche-sejour-montagne-2021.jpg 1240w, http:\/\/un-nouveau-monde.fr\/wp-content\/uploads\/2020\/12\/affiche-sejour-montagne-2021-212x300.jpg 212w, http:\/\/un-nouveau-monde.fr\/wp-content\/uploads\/2020\/12\/affiche-sejour-montagne-2021-724x1024.jpg 724w, http:\/\/un-nouveau-monde.fr\/wp-content\/uploads\/2020\/12\/affiche-sejour-montagne-2021-768x1086.jpg 768w, http:\/\/un-nouveau-monde.fr\/wp-content\/uploads\/2020\/12\/affiche-sejour-montagne-2021-1086x1536.jpg 1086w\" sizes=\"(max-width: 1240px) 100vw, 1240px\" \/><\/div>\n<div dir=\"auto\">Pour les 11\/15 ans<\/div>\n<div dir=\"auto\">Dans le Doubs (25)<\/div>\n<div dir=\"auto\">au programme : chien de tra\u00eeneau, raquettes au sommet du Mont d&rsquo;Or, Sp\u00e9l\u00e9o Hivernale, visite culturelle&#8230;<\/div>\n<\/div>\n<div class=\"o9v6fnle cxmmr5t8 oygrvhab hcukyx3x c1et5uql ii04i59q\">\n<div dir=\"auto\">Vous pourrez retirer ce dossier au si\u00e8ge de l\u2019association ou nous envoyer un mail, nous vous enverrons les documents \u00e0 remplir ou t\u00e9l\u00e9charger les documents sur le lien Facebook (En JPEG): <a class=\"oajrlxb2 g5ia77u1 qu0x051f esr5mh6w e9989ue4 r7d6kgcz rq0escxv nhd2j8a9 nc684nl6 p7hjln8o kvgmc6g5 cxmmr5t8 oygrvhab hcukyx3x jb3vyjys rz4wbd8a qt6c0cv9 a8nywdso i1ao9s8h esuyzwwr f1sip0of lzcic4wl oo9gr5id gpro0wi8 lrazzd5p\" tabindex=\"0\" role=\"link\" href=\"https:\/\/www.facebook.com\/media\/set\/?vanity=828418423993700&amp;set=a.1715239191978281&amp;__cft__[0]=AZUMu5ERXO48545vpULa0ZCm6tAivzF2ZZst5SqaVSMr56w338YpEcLXjm7oAYSAc6V5fnrvCxpsvgpl8s7eIIIQJxAchhSYkujswnjFNp_2j6EJm_GkexClQLB3swpHpp0GIUWJ983HMTJ2MA299jwU&amp;__tn__=-UK-R\">https:\/\/www.facebook.com\/media\/set\/&#8230;<\/a><\/div>\n<\/div>\n<div class=\"o9v6fnle cxmmr5t8 oygrvhab hcukyx3x c1et5uql ii04i59q\">\n<div dir=\"auto\">ou sur notre site internet (En PDF):<\/div>\n<div dir=\"auto\"><a href=\"https:\/\/www.cjoint.com\/doc\/20_12\/JLhoDVyos1b_fiche-inscription-s%C3%A9jour-hiver-2021.pdf\">fiche inscription s\u00e9jour montagne 2021<\/a><\/div>\n<div dir=\"auto\"><a href=\"https:\/\/www.cjoint.com\/doc\/20_12\/JLhoFXfJ2sb_fiche-sanitaire-2021.pdf\">fiche sanitaire 2021<\/a><\/div>\n<\/div>\n<div class=\"o9v6fnle cxmmr5t8 oygrvhab hcukyx3x c1et5uql ii04i59q\">\n<div dir=\"auto\">L\u2019inscription sera d\u00e9finitive une fois le dossier<\/div>\n<div dir=\"auto\">complet avec le r\u00e8glement :<\/div>\n<div dir=\"auto\">fiche sanitaire, photocopie des vaccins, fiche<\/div>\n<div dir=\"auto\">d\u2019inscription s\u00e9jour et adh\u00e9sion \u00e0 l\u2019association \u00e0 jour.<\/div>\n<\/div>\n","protected":false},"excerpt":{"rendered":"<p>Pour les 11\/15 ans Dans le Doubs (25) au programme : chien de tra\u00eeneau, raquettes au sommet du Mont d&rsquo;Or, Sp\u00e9l\u00e9o Hivernale, visite culturelle&#8230; Vous pourrez retirer ce dossier au si\u00e8ge de l\u2019association ou nous envoyer un mail, nous vous enverrons les documents \u00e0 remplir ou t\u00e9l\u00e9charger les documents sur le lien Facebook (En JPEG): &hellip; <a href=\"http:\/\/un-nouveau-monde.fr\/?p=722\" class=\"more-link\">Lire la suite de <span class=\"screen-reader-text\">INSCRIPTION &#8211; S\u00e9jour Montagne 2021<\/span><\/a><\/p>\n","protected":false},"author":1,"featured_media":0,"comment_status":"closed","ping_status":"open","sticky":false,"template":"","format":"standard","meta":[],"categories":[14,1],"tags":[],"_links":{"self":[{"href":"http:\/\/un-nouveau-monde.fr\/index.php?rest_route=\/wp\/v2\/posts\/722"}],"collection":[{"href":"http:\/\/un-nouveau-monde.fr\/index.php?rest_route=\/wp\/v2\/posts"}],"about":[{"href":"http:\/\/un-nouveau-monde.fr\/index.php?rest_route=\/wp\/v2\/types\/post"}],"author":[{"embeddable":true,"href":"http:\/\/un-nouveau-monde.fr\/index.php?rest_route=\/wp\/v2\/users\/1"}],"replies":[{"embeddable":true,"href":"http:\/\/un-nouveau-monde.fr\/index.php?rest_route=%2Fwp%2Fv2%2Fcomments&post=722"}],"version-history":[{"count":2,"href":"http:\/\/un-nouveau-monde.fr\/index.php?rest_route=\/wp\/v2\/posts\/722\/revisions"}],"predecessor-version":[{"id":726,"href":"http:\/\/un-nouveau-monde.fr\/index.php?rest_route=\/wp\/v2\/posts\/722\/revisions\/726"}],"wp:attachment":[{"href":"http:\/\/un-nouveau-monde.fr\/index.php?rest_route=%2Fwp%2Fv2%2Fmedia&parent=722"}],"wp:term":[{"taxonomy":"category","embeddable":true,"href":"http:\/\/un-nouveau-monde.fr\/index.php?rest_route=%2Fwp%2Fv2%2Fcategories&post=722"},{"taxonomy":"post_tag","embeddable":true,"href":"http:\/\/un-nouveau-monde.fr\/index.php?rest_route=%2Fwp%2Fv2%2Ftags&post=722"}],"curies":[{"name":"wp","href":"https:\/\/api.w.org\/{rel}","templated":true}]}}