{"id":263,"date":"2021-03-09T09:19:16","date_gmt":"2021-03-09T08:19:16","guid":{"rendered":"http:\/\/un-nouveau-monde.fr\/?p=263"},"modified":"2021-03-09T15:53:49","modified_gmt":"2021-03-09T14:53:49","slug":"semaine-de-la-parentalite","status":"publish","type":"post","link":"http:\/\/un-nouveau-monde.fr\/?p=263","title":{"rendered":"La semaine de la parentalit\u00e9 se transforme en P&rsquo;tit \u00ab\u00a0moi\u00a0\u00bb"},"content":{"rendered":"<p style=\"font-weight: 400;\">Le P&rsquo;tit Moi est un \u00e9v\u00e9nement \u00e0 destination des familles ayant des enfants de la naissance \u00e0 6 ans.<\/p>\n<p style=\"font-weight: 400;\">Cette ann\u00e9e, vu le contexte sanitaire actuel, nous avons d\u00e9cid\u00e9 de programmer 3 semaines d&rsquo;animation sur le territoire de la communaut\u00e9 de communes.<\/p>\n<p style=\"font-weight: 400;\">Ce projet est travaill\u00e9 avec les partenaires institutionnels et associatifs.<\/p>\n<p><img decoding=\"async\" loading=\"lazy\" class=\"aligncenter size-full wp-image-747\" src=\"http:\/\/un-nouveau-monde.fr\/wp-content\/uploads\/2021\/01\/AFFICHE-LE-PTIT-MOI-210x297-1.jpg\" alt=\"\" width=\"826\" height=\"1169\" \/><\/p>\n<p style=\"font-weight: 400;\">Pour cette ann\u00e9e, nous vous demandons de bien vouloir vous inscrire, pour nous permettre de garantir les consignes sanitaires.<\/p>\n<h4 style=\"font-weight: 400;\"><span style=\"color: #339966;\"><strong>Les animations se d\u00e9rouleront<\/strong><strong><span style=\"color: #339966;\"> du 6 au 24 avril 2021, avec un programme d&rsquo;animation que vous pourrez d\u00e9couvrir \u00e0 partir du 16 mars. <\/span><br \/>\n<\/strong><\/span><\/h4>\n<p>&nbsp;<\/p>\n","protected":false},"excerpt":{"rendered":"<p>Le P&rsquo;tit Moi est un \u00e9v\u00e9nement \u00e0 destination des familles ayant des enfants de la naissance \u00e0 6 ans. Cette ann\u00e9e, vu le contexte sanitaire actuel, nous avons d\u00e9cid\u00e9 de programmer 3 semaines d&rsquo;animation sur le territoire de la communaut\u00e9 de communes. Ce projet est travaill\u00e9 avec les partenaires institutionnels et associatifs. Pour cette ann\u00e9e, &hellip; <a href=\"http:\/\/un-nouveau-monde.fr\/?p=263\" class=\"more-link\">Lire la suite de <span class=\"screen-reader-text\">La semaine de la parentalit\u00e9 se transforme en P&rsquo;tit \u00ab\u00a0moi\u00a0\u00bb<\/span><\/a><\/p>\n","protected":false},"author":4,"featured_media":0,"comment_status":"closed","ping_status":"open","sticky":false,"template":"","format":"standard","meta":[],"categories":[15,13],"tags":[24,21,26,28,17,25,18,27],"_links":{"self":[{"href":"http:\/\/un-nouveau-monde.fr\/index.php?rest_route=\/wp\/v2\/posts\/263"}],"collection":[{"href":"http:\/\/un-nouveau-monde.fr\/index.php?rest_route=\/wp\/v2\/posts"}],"about":[{"href":"http:\/\/un-nouveau-monde.fr\/index.php?rest_route=\/wp\/v2\/types\/post"}],"author":[{"embeddable":true,"href":"http:\/\/un-nouveau-monde.fr\/index.php?rest_route=\/wp\/v2\/users\/4"}],"replies":[{"embeddable":true,"href":"http:\/\/un-nouveau-monde.fr\/index.php?rest_route=%2Fwp%2Fv2%2Fcomments&post=263"}],"version-history":[{"count":17,"href":"http:\/\/un-nouveau-monde.fr\/index.php?rest_route=\/wp\/v2\/posts\/263\/revisions"}],"predecessor-version":[{"id":749,"href":"http:\/\/un-nouveau-monde.fr\/index.php?rest_route=\/wp\/v2\/posts\/263\/revisions\/749"}],"wp:attachment":[{"href":"http:\/\/un-nouveau-monde.fr\/index.php?rest_route=%2Fwp%2Fv2%2Fmedia&parent=263"}],"wp:term":[{"taxonomy":"category","embeddable":true,"href":"http:\/\/un-nouveau-monde.fr\/index.php?rest_route=%2Fwp%2Fv2%2Fcategories&post=263"},{"taxonomy":"post_tag","embeddable":true,"href":"http:\/\/un-nouveau-monde.fr\/index.php?rest_route=%2Fwp%2Fv2%2Ftags&post=263"}],"curies":[{"name":"wp","href":"https:\/\/api.w.org\/{rel}","templated":true}]}}